{"id":967,"date":"2020-11-10T11:34:47","date_gmt":"2020-11-10T10:34:47","guid":{"rendered":"http:\/\/bsmn.neuimweb.de\/berufsschule-mindelheim\/?p=967"},"modified":"2021-01-11T22:55:48","modified_gmt":"2021-01-11T21:55:48","slug":"projektwoche-demokratie-und-werteerziehung","status":"publish","type":"post","link":"https:\/\/www.bsmn.de\/berufsschule-mindelheim\/2020\/11\/10\/projektwoche-demokratie-und-werteerziehung\/","title":{"rendered":"Projektwoche Demokratie und Werteerziehung"},"content":{"rendered":"\n<p>Unter dem Motto \u201eVer\u00e4ndere deine Gedanken, dann ver\u00e4nderst du die Welt\u201c sollten den Sch\u00fclerInnen der Berufsintegration die Themen Demokratie und Werte n\u00e4her gebracht werden. Zahlreiche Aktionen wie z.B. Vortr\u00e4ge von Richtern und Staatsanw\u00e4lten zu Strafrecht oder Zivilrecht oder Themenstationen zu Religion, Rollenbilder, Demokratie und Diktatur wurden angeboten. \u00dcber die gesamte Projektwoche wurde von einer Klasse auch ein Film gedreht, in dem die Inhalte der Woche nochmals aufgegriffen wurden.<\/p>\n","protected":false},"excerpt":{"rendered":"<p>Unter dem Motto \u201eVer\u00e4ndere deine Gedanken, dann ver\u00e4nderst du die Welt\u201c sollten den Sch\u00fclerInnen der Berufsintegration die Themen Demokratie und Werte n\u00e4her gebracht werden. Zahlreiche Aktionen wie z.B. Vortr\u00e4ge von Richtern und Staatsanw\u00e4lten zu Strafrecht oder Zivilrecht oder Themenstationen zu Religion, Rollenbilder, Demokratie und Diktatur wurden angeboten. \u00dcber die gesamte Projektwoche wurde von einer Klasse [&hellip;]<\/p>\n","protected":false},"author":18,"featured_media":957,"comment_status":"open","ping_status":"open","sticky":false,"template":"","format":"standard","meta":{"footnotes":""},"categories":[1],"tags":[],"class_list":["post-967","post","type-post","status-publish","format-standard","has-post-thumbnail","hentry","category-allgemein"],"_links":{"self":[{"href":"https:\/\/www.bsmn.de\/berufsschule-mindelheim\/wp-json\/wp\/v2\/posts\/967","targetHints":{"allow":["GET"]}}],"collection":[{"href":"https:\/\/www.bsmn.de\/berufsschule-mindelheim\/wp-json\/wp\/v2\/posts"}],"about":[{"href":"https:\/\/www.bsmn.de\/berufsschule-mindelheim\/wp-json\/wp\/v2\/types\/post"}],"author":[{"embeddable":true,"href":"https:\/\/www.bsmn.de\/berufsschule-mindelheim\/wp-json\/wp\/v2\/users\/18"}],"replies":[{"embeddable":true,"href":"https:\/\/www.bsmn.de\/berufsschule-mindelheim\/wp-json\/wp\/v2\/comments?post=967"}],"version-history":[{"count":2,"href":"https:\/\/www.bsmn.de\/berufsschule-mindelheim\/wp-json\/wp\/v2\/posts\/967\/revisions"}],"predecessor-version":[{"id":1473,"href":"https:\/\/www.bsmn.de\/berufsschule-mindelheim\/wp-json\/wp\/v2\/posts\/967\/revisions\/1473"}],"wp:featuredmedia":[{"embeddable":true,"href":"https:\/\/www.bsmn.de\/berufsschule-mindelheim\/wp-json\/wp\/v2\/media\/957"}],"wp:attachment":[{"href":"https:\/\/www.bsmn.de\/berufsschule-mindelheim\/wp-json\/wp\/v2\/media?parent=967"}],"wp:term":[{"taxonomy":"category","embeddable":true,"href":"https:\/\/www.bsmn.de\/berufsschule-mindelheim\/wp-json\/wp\/v2\/categories?post=967"},{"taxonomy":"post_tag","embeddable":true,"href":"https:\/\/www.bsmn.de\/berufsschule-mindelheim\/wp-json\/wp\/v2\/tags?post=967"}],"curies":[{"name":"wp","href":"https:\/\/api.w.org\/{rel}","templated":true}]}}