{"id":2338,"date":"2026-01-06T19:12:28","date_gmt":"2026-01-06T18:12:28","guid":{"rendered":"https:\/\/www.bsmn.de\/berufsschule-memmingen\/?p=2338"},"modified":"2026-01-06T19:12:29","modified_gmt":"2026-01-06T18:12:29","slug":"unsere-verbindungslehrkraefte","status":"publish","type":"post","link":"https:\/\/www.bsmn.de\/berufsschule-memmingen\/2026\/01\/06\/unsere-verbindungslehrkraefte\/","title":{"rendered":"Unsere Verbindungslehrkr\u00e4fte"},"content":{"rendered":"\n<p>In diesem Schuljahr \u00fcbernehmen Frau Kutter und Herr Schacherl die Aufgabe der Verbindungslehrkr\u00e4fte.<\/p>\n\n\n\n<p>Beide stehen unseren Sch\u00fclerinnen und Sch\u00fclern mit Offenheit, Herz und Engagement zur Seite und sind bei Fragen, Anliegen oder Sorgen jederzeit ansprechbar.<br>Wir freuen uns sehr \u00fcber ihren Einsatz und w\u00fcnschen ihnen viel Freude in dieser wichtigen Rolle!<\/p>\n\n\n\n<p><\/p>\n","protected":false},"excerpt":{"rendered":"<p>In diesem Schuljahr \u00fcbernehmen Frau Kutter und Herr Schacherl die Aufgabe der Verbindungslehrkr\u00e4fte. Beide stehen unseren Sch\u00fclerinnen und Sch\u00fclern mit Offenheit, Herz und Engagement zur Seite und sind bei Fragen, Anliegen oder Sorgen jederzeit ansprechbar.Wir freuen uns sehr \u00fcber ihren Einsatz und w\u00fcnschen ihnen viel Freude in dieser wichtigen Rolle!<\/p>\n","protected":false},"author":25,"featured_media":2339,"comment_status":"closed","ping_status":"closed","sticky":false,"template":"","format":"standard","meta":{"footnotes":""},"categories":[1],"tags":[],"class_list":["post-2338","post","type-post","status-publish","format-standard","has-post-thumbnail","hentry","category-allgemein"],"_links":{"self":[{"href":"https:\/\/www.bsmn.de\/berufsschule-memmingen\/wp-json\/wp\/v2\/posts\/2338","targetHints":{"allow":["GET"]}}],"collection":[{"href":"https:\/\/www.bsmn.de\/berufsschule-memmingen\/wp-json\/wp\/v2\/posts"}],"about":[{"href":"https:\/\/www.bsmn.de\/berufsschule-memmingen\/wp-json\/wp\/v2\/types\/post"}],"author":[{"embeddable":true,"href":"https:\/\/www.bsmn.de\/berufsschule-memmingen\/wp-json\/wp\/v2\/users\/25"}],"replies":[{"embeddable":true,"href":"https:\/\/www.bsmn.de\/berufsschule-memmingen\/wp-json\/wp\/v2\/comments?post=2338"}],"version-history":[{"count":1,"href":"https:\/\/www.bsmn.de\/berufsschule-memmingen\/wp-json\/wp\/v2\/posts\/2338\/revisions"}],"predecessor-version":[{"id":2340,"href":"https:\/\/www.bsmn.de\/berufsschule-memmingen\/wp-json\/wp\/v2\/posts\/2338\/revisions\/2340"}],"wp:featuredmedia":[{"embeddable":true,"href":"https:\/\/www.bsmn.de\/berufsschule-memmingen\/wp-json\/wp\/v2\/media\/2339"}],"wp:attachment":[{"href":"https:\/\/www.bsmn.de\/berufsschule-memmingen\/wp-json\/wp\/v2\/media?parent=2338"}],"wp:term":[{"taxonomy":"category","embeddable":true,"href":"https:\/\/www.bsmn.de\/berufsschule-memmingen\/wp-json\/wp\/v2\/categories?post=2338"},{"taxonomy":"post_tag","embeddable":true,"href":"https:\/\/www.bsmn.de\/berufsschule-memmingen\/wp-json\/wp\/v2\/tags?post=2338"}],"curies":[{"name":"wp","href":"https:\/\/api.w.org\/{rel}","templated":true}]}}