{"id":4897,"date":"2025-11-18T10:03:28","date_gmt":"2025-11-18T09:03:28","guid":{"rendered":"https:\/\/www.bsmn.de\/berufsschule-badwoerishofen\/?p=4897"},"modified":"2025-11-20T16:00:27","modified_gmt":"2025-11-20T15:00:27","slug":"unsere-block-und-schuelersprecherinnen-und-sprecher-des-schuljahres-2025-2025","status":"publish","type":"post","link":"https:\/\/www.bsmn.de\/berufsschule-badwoerishofen\/2025\/11\/18\/unsere-block-und-schuelersprecherinnen-und-sprecher-des-schuljahres-2025-2025\/","title":{"rendered":"Unsere Block- und Sch\u00fclersprecherinnen und -sprecher des Schuljahres 2025-2026"},"content":{"rendered":"\n<p class=\"has-text-align-left\">Die Klassensprecherinnen und -sprecher der Berufsschulklassen der Bl\u00f6cke IIIa und Ia haben f\u00fcr ihre Schulbl\u00f6cke die Blocksprecherin und den Blocksprecher gew\u00e4hlt. Wir gratulieren <br><strong>Andreas Kranias<\/strong> aus der Klasse WKO12a und<br><strong>Dejana Banjas <\/strong>aus der Klasse WGS10c<br>zu diesem verantwortungsvollen Amt!<\/p>\n\n\n\n<p>Ebenso haben die Klassensprecherinnen und -sprecher der Berufsfachschule f\u00fcr Hotel- und Tourismusmanagement ihre beiden Schulsprecherinnen gew\u00e4hlt. Wir gratulieren<br><strong>Lena Lemtis<\/strong> und <strong>Anna Seem\u00fcller<\/strong>, beide aus der Klasse HOT13<br>zu diesem verantwortungsvollen Amt!<\/p>\n\n\n\n<figure class=\"wp-block-gallery has-nested-images columns-default is-cropped wp-block-gallery-1 is-layout-flex wp-block-gallery-is-layout-flex\">\n<figure class=\"wp-block-image size-large\"><a href=\"https:\/\/www.bsmn.de\/berufsschule-badwoerishofen\/wp-content\/uploads\/sites\/4\/2025\/11\/Dejana.WGS10c-und-Andreas.WKO12ages.jpg\"><img fetchpriority=\"high\" decoding=\"async\" width=\"899\" height=\"1024\" data-id=\"4901\" src=\"https:\/\/www.bsmn.de\/berufsschule-badwoerishofen\/wp-content\/uploads\/sites\/4\/2025\/11\/Dejana.WGS10c-und-Andreas.WKO12ages-899x1024.jpg\" alt=\"\" class=\"wp-image-4901\" srcset=\"https:\/\/www.bsmn.de\/berufsschule-badwoerishofen\/wp-content\/uploads\/sites\/4\/2025\/11\/Dejana.WGS10c-und-Andreas.WKO12ages-899x1024.jpg 899w, https:\/\/www.bsmn.de\/berufsschule-badwoerishofen\/wp-content\/uploads\/sites\/4\/2025\/11\/Dejana.WGS10c-und-Andreas.WKO12ages-263x300.jpg 263w, https:\/\/www.bsmn.de\/berufsschule-badwoerishofen\/wp-content\/uploads\/sites\/4\/2025\/11\/Dejana.WGS10c-und-Andreas.WKO12ages-768x875.jpg 768w, https:\/\/www.bsmn.de\/berufsschule-badwoerishofen\/wp-content\/uploads\/sites\/4\/2025\/11\/Dejana.WGS10c-und-Andreas.WKO12ages-600x684.jpg 600w, https:\/\/www.bsmn.de\/berufsschule-badwoerishofen\/wp-content\/uploads\/sites\/4\/2025\/11\/Dejana.WGS10c-und-Andreas.WKO12ages.jpg 1212w\" sizes=\"(max-width: 899px) 100vw, 899px\" \/><\/a><\/figure>\n\n\n\n<figure class=\"wp-block-image size-large\"><a href=\"https:\/\/www.bsmn.de\/berufsschule-badwoerishofen\/wp-content\/uploads\/sites\/4\/2025\/11\/Anna-und-Lena-HOT13ges.jpg\"><img decoding=\"async\" width=\"818\" height=\"1024\" data-id=\"4900\" src=\"https:\/\/www.bsmn.de\/berufsschule-badwoerishofen\/wp-content\/uploads\/sites\/4\/2025\/11\/Anna-und-Lena-HOT13ges-818x1024.jpg\" alt=\"\" class=\"wp-image-4900\" srcset=\"https:\/\/www.bsmn.de\/berufsschule-badwoerishofen\/wp-content\/uploads\/sites\/4\/2025\/11\/Anna-und-Lena-HOT13ges-818x1024.jpg 818w, https:\/\/www.bsmn.de\/berufsschule-badwoerishofen\/wp-content\/uploads\/sites\/4\/2025\/11\/Anna-und-Lena-HOT13ges-240x300.jpg 240w, https:\/\/www.bsmn.de\/berufsschule-badwoerishofen\/wp-content\/uploads\/sites\/4\/2025\/11\/Anna-und-Lena-HOT13ges-768x962.jpg 768w, https:\/\/www.bsmn.de\/berufsschule-badwoerishofen\/wp-content\/uploads\/sites\/4\/2025\/11\/Anna-und-Lena-HOT13ges-600x751.jpg 600w, https:\/\/www.bsmn.de\/berufsschule-badwoerishofen\/wp-content\/uploads\/sites\/4\/2025\/11\/Anna-und-Lena-HOT13ges.jpg 1122w\" sizes=\"(max-width: 818px) 100vw, 818px\" \/><\/a><\/figure>\n<\/figure>\n\n\n\n<p><\/p>\n","protected":false},"excerpt":{"rendered":"<p>Die Klassensprecherinnen und -sprecher der Berufsschulklassen der Bl\u00f6cke IIIa und Ia haben f\u00fcr ihre Schulbl\u00f6cke die Blocksprecherin und den Blocksprecher gew\u00e4hlt. Wir gratulieren Andreas Kranias aus der Klasse WKO12a undDejana Banjas aus der Klasse WGS10czu diesem verantwortungsvollen Amt! Ebenso haben die Klassensprecherinnen und -sprecher der Berufsfachschule f\u00fcr Hotel- und Tourismusmanagement ihre beiden Schulsprecherinnen gew\u00e4hlt. Wir [&hellip;]<\/p>\n","protected":false},"author":26,"featured_media":4904,"comment_status":"closed","ping_status":"closed","sticky":false,"template":"","format":"standard","meta":{"footnotes":""},"categories":[1],"tags":[],"class_list":["post-4897","post","type-post","status-publish","format-standard","has-post-thumbnail","hentry","category-allgemein"],"_links":{"self":[{"href":"https:\/\/www.bsmn.de\/berufsschule-badwoerishofen\/wp-json\/wp\/v2\/posts\/4897","targetHints":{"allow":["GET"]}}],"collection":[{"href":"https:\/\/www.bsmn.de\/berufsschule-badwoerishofen\/wp-json\/wp\/v2\/posts"}],"about":[{"href":"https:\/\/www.bsmn.de\/berufsschule-badwoerishofen\/wp-json\/wp\/v2\/types\/post"}],"author":[{"embeddable":true,"href":"https:\/\/www.bsmn.de\/berufsschule-badwoerishofen\/wp-json\/wp\/v2\/users\/26"}],"replies":[{"embeddable":true,"href":"https:\/\/www.bsmn.de\/berufsschule-badwoerishofen\/wp-json\/wp\/v2\/comments?post=4897"}],"version-history":[{"count":2,"href":"https:\/\/www.bsmn.de\/berufsschule-badwoerishofen\/wp-json\/wp\/v2\/posts\/4897\/revisions"}],"predecessor-version":[{"id":4915,"href":"https:\/\/www.bsmn.de\/berufsschule-badwoerishofen\/wp-json\/wp\/v2\/posts\/4897\/revisions\/4915"}],"wp:featuredmedia":[{"embeddable":true,"href":"https:\/\/www.bsmn.de\/berufsschule-badwoerishofen\/wp-json\/wp\/v2\/media\/4904"}],"wp:attachment":[{"href":"https:\/\/www.bsmn.de\/berufsschule-badwoerishofen\/wp-json\/wp\/v2\/media?parent=4897"}],"wp:term":[{"taxonomy":"category","embeddable":true,"href":"https:\/\/www.bsmn.de\/berufsschule-badwoerishofen\/wp-json\/wp\/v2\/categories?post=4897"},{"taxonomy":"post_tag","embeddable":true,"href":"https:\/\/www.bsmn.de\/berufsschule-badwoerishofen\/wp-json\/wp\/v2\/tags?post=4897"}],"curies":[{"name":"wp","href":"https:\/\/api.w.org\/{rel}","templated":true}]}}