{"id":4143,"date":"2024-11-11T10:00:18","date_gmt":"2024-11-11T09:00:18","guid":{"rendered":"https:\/\/www.bsmn.de\/berufsschule-badwoerishofen\/?p=4143"},"modified":"2025-09-11T09:46:19","modified_gmt":"2025-09-11T07:46:19","slug":"verleihung-der-europaesse","status":"publish","type":"post","link":"https:\/\/www.bsmn.de\/berufsschule-badwoerishofen\/2024\/11\/11\/verleihung-der-europaesse\/","title":{"rendered":"Verleihung der Europ\u00e4sse"},"content":{"rendered":"\n<p>Nach erfolgreichem 14-t\u00e4gigen Praktikum in Kopenhagen konnten wir im Rahmen des Nachbereitungstreffens allen Teilnehmerinnen und Teilnehmern die Europ\u00e4sse verleihen. Hierin werden die erworbenen Kompetenzen und F\u00e4higkeiten internation verst\u00e4ndlich dokumentiert. Mit dem Europass k\u00f6nnen sich die Sch\u00fclerinnen und Sch\u00fcler europaweit bewerben.<\/p>\n\n\n\n<figure class=\"wp-block-image size-large\"><img fetchpriority=\"high\" decoding=\"async\" width=\"1024\" height=\"174\" src=\"https:\/\/www.bsmn.de\/berufsschule-badwoerishofen\/wp-content\/uploads\/sites\/4\/2025\/05\/Praesentation1-1024x174.jpg\" alt=\"\" class=\"wp-image-4807\" srcset=\"https:\/\/www.bsmn.de\/berufsschule-badwoerishofen\/wp-content\/uploads\/sites\/4\/2025\/05\/Praesentation1-1024x174.jpg 1024w, https:\/\/www.bsmn.de\/berufsschule-badwoerishofen\/wp-content\/uploads\/sites\/4\/2025\/05\/Praesentation1-300x51.jpg 300w, https:\/\/www.bsmn.de\/berufsschule-badwoerishofen\/wp-content\/uploads\/sites\/4\/2025\/05\/Praesentation1-768x130.jpg 768w, https:\/\/www.bsmn.de\/berufsschule-badwoerishofen\/wp-content\/uploads\/sites\/4\/2025\/05\/Praesentation1-600x102.jpg 600w, https:\/\/www.bsmn.de\/berufsschule-badwoerishofen\/wp-content\/uploads\/sites\/4\/2025\/05\/Praesentation1.jpg 1130w\" sizes=\"(max-width: 1024px) 100vw, 1024px\" \/><\/figure>\n","protected":false},"excerpt":{"rendered":"<p>Nach erfolgreichem 14-t\u00e4gigen Praktikum in Kopenhagen konnten wir im Rahmen des Nachbereitungstreffens allen Teilnehmerinnen und Teilnehmern die Europ\u00e4sse verleihen. Hierin werden die erworbenen Kompetenzen und F\u00e4higkeiten internation verst\u00e4ndlich dokumentiert. Mit dem Europass k\u00f6nnen sich die Sch\u00fclerinnen und Sch\u00fcler europaweit bewerben.<\/p>\n","protected":false},"author":6,"featured_media":4150,"comment_status":"closed","ping_status":"closed","sticky":false,"template":"","format":"standard","meta":{"footnotes":""},"categories":[1],"tags":[],"class_list":["post-4143","post","type-post","status-publish","format-standard","has-post-thumbnail","hentry","category-allgemein"],"_links":{"self":[{"href":"https:\/\/www.bsmn.de\/berufsschule-badwoerishofen\/wp-json\/wp\/v2\/posts\/4143","targetHints":{"allow":["GET"]}}],"collection":[{"href":"https:\/\/www.bsmn.de\/berufsschule-badwoerishofen\/wp-json\/wp\/v2\/posts"}],"about":[{"href":"https:\/\/www.bsmn.de\/berufsschule-badwoerishofen\/wp-json\/wp\/v2\/types\/post"}],"author":[{"embeddable":true,"href":"https:\/\/www.bsmn.de\/berufsschule-badwoerishofen\/wp-json\/wp\/v2\/users\/6"}],"replies":[{"embeddable":true,"href":"https:\/\/www.bsmn.de\/berufsschule-badwoerishofen\/wp-json\/wp\/v2\/comments?post=4143"}],"version-history":[{"count":9,"href":"https:\/\/www.bsmn.de\/berufsschule-badwoerishofen\/wp-json\/wp\/v2\/posts\/4143\/revisions"}],"predecessor-version":[{"id":4811,"href":"https:\/\/www.bsmn.de\/berufsschule-badwoerishofen\/wp-json\/wp\/v2\/posts\/4143\/revisions\/4811"}],"wp:featuredmedia":[{"embeddable":true,"href":"https:\/\/www.bsmn.de\/berufsschule-badwoerishofen\/wp-json\/wp\/v2\/media\/4150"}],"wp:attachment":[{"href":"https:\/\/www.bsmn.de\/berufsschule-badwoerishofen\/wp-json\/wp\/v2\/media?parent=4143"}],"wp:term":[{"taxonomy":"category","embeddable":true,"href":"https:\/\/www.bsmn.de\/berufsschule-badwoerishofen\/wp-json\/wp\/v2\/categories?post=4143"},{"taxonomy":"post_tag","embeddable":true,"href":"https:\/\/www.bsmn.de\/berufsschule-badwoerishofen\/wp-json\/wp\/v2\/tags?post=4143"}],"curies":[{"name":"wp","href":"https:\/\/api.w.org\/{rel}","templated":true}]}}